{"id":1016,"date":"2019-12-31T14:31:12","date_gmt":"2019-12-31T13:31:12","guid":{"rendered":"http:\/\/www.joerg-hamann.de\/cms\/?p=1016"},"modified":"2019-12-31T14:31:12","modified_gmt":"2019-12-31T13:31:12","slug":"mehr-teilhabe-fuer-menschen-mit-behinderung-gruendung-eines-partizipationsfonds-zum-beseitigen-von-nachteilen-voranbringen","status":"publish","type":"post","link":"https:\/\/www.joerg-hamann.de\/cms\/2019\/12\/mehr-teilhabe-fuer-menschen-mit-behinderung-gruendung-eines-partizipationsfonds-zum-beseitigen-von-nachteilen-voranbringen\/","title":{"rendered":"Mehr Teilhabe f\u00fcr Menschen mit Behinderung \u2013 Gr\u00fcndung eines Partizipationsfonds zum Beseitigen von Nachteilen voranbringen"},"content":{"rendered":"\n<p>Anl\u00e4sslich der ausf\u00fchrlichen Ausschussbefassungen sowie der Expertenanh\u00f6rung zum Entwurf eines Gesetzes zur Gleichstellung von Menschen mit Behinderungen (Hamburgisches Behindertengleichstellungsgesetz \u2013 HmbBGG) wurden auch die Stellungnahmen der verschiedenen Verb\u00e4nde eingehend beraten. Deren Forderung nach einem Partizipationsfonds, wie ihn die Bundesregierung in H\u00f6he von einer Million Euro j\u00e4hrlich und das Bundesland Bremen mit 200 000 Euro j\u00e4hrlich eingef\u00fchrt haben, konnte vom Senat nicht plausibel als unn\u00f6tig deklariert werden. Der Senat verwies zwar darauf, dass die Interessenvertretungen Zuwendungen erhalten, doch diese ber\u00fccksichtigen einmalig auftretende Sonderkosten nicht ausreichend, wie sie f\u00fcr die<br \/>Erstellung von (Rechts-)Gutachten oder die \u00dcbertragung von Texten in sogenannte leichte Sprache, den Einsatz von Geb\u00e4rdensprachdolmetschern oder durch technische Hilfsmittel, die im Rahmen der Wahrnehmung von Aufgaben f\u00fcr die Organisation erforderlich sind, entstehen. Auch w\u00e4re es eine \u00dcberlegung wert, in einem Partizipationsfonds Gelder f\u00fcr die Unterst\u00fctzungsbedarfe ehrenamtlich t\u00e4tiger Menschen mit Behinderung bereitzustellen.<\/p>\n<p><a href=\"https:\/\/www.buergerschaft-hh.de\/parldok\/dokument\/69119\/mehr_teilhabe_fuer_menschen_mit_behinderung_gruendung_eines_partizipationsfonds_zum_beseitigen_von_nachteilen_voranbringen.pdf\" target=\"_blank\" rel=\"noopener noreferrer\">Weiterlesen&#8230;<\/a><\/p>\n","protected":false},"excerpt":{"rendered":"<p>Anl\u00e4sslich der ausf\u00fchrlichen Ausschussbefassungen sowie der Expertenanh\u00f6rung zum Entwurf eines Gesetzes zur Gleichstellung von Menschen mit Behinderungen (Hamburgisches Behindertengleichstellungsgesetz \u2013 HmbBGG) wurden auch die Stellungnahmen der verschiedenen Verb\u00e4nde eingehend beraten. Deren Forderung nach einem Partizipationsfonds, wie ihn die Bundesregierung in H\u00f6he von einer Million Euro j\u00e4hrlich und das Bundesland Bremen mit 200 000 Euro j\u00e4hrlich [&hellip;]<\/p>\n","protected":false},"author":4,"featured_media":0,"comment_status":"closed","ping_status":"closed","sticky":false,"template":"","format":"standard","meta":[],"categories":[5],"tags":[],"_links":{"self":[{"href":"https:\/\/www.joerg-hamann.de\/cms\/wp-json\/wp\/v2\/posts\/1016"}],"collection":[{"href":"https:\/\/www.joerg-hamann.de\/cms\/wp-json\/wp\/v2\/posts"}],"about":[{"href":"https:\/\/www.joerg-hamann.de\/cms\/wp-json\/wp\/v2\/types\/post"}],"author":[{"embeddable":true,"href":"https:\/\/www.joerg-hamann.de\/cms\/wp-json\/wp\/v2\/users\/4"}],"replies":[{"embeddable":true,"href":"https:\/\/www.joerg-hamann.de\/cms\/wp-json\/wp\/v2\/comments?post=1016"}],"version-history":[{"count":1,"href":"https:\/\/www.joerg-hamann.de\/cms\/wp-json\/wp\/v2\/posts\/1016\/revisions"}],"predecessor-version":[{"id":1017,"href":"https:\/\/www.joerg-hamann.de\/cms\/wp-json\/wp\/v2\/posts\/1016\/revisions\/1017"}],"wp:attachment":[{"href":"https:\/\/www.joerg-hamann.de\/cms\/wp-json\/wp\/v2\/media?parent=1016"}],"wp:term":[{"taxonomy":"category","embeddable":true,"href":"https:\/\/www.joerg-hamann.de\/cms\/wp-json\/wp\/v2\/categories?post=1016"},{"taxonomy":"post_tag","embeddable":true,"href":"https:\/\/www.joerg-hamann.de\/cms\/wp-json\/wp\/v2\/tags?post=1016"}],"curies":[{"name":"wp","href":"https:\/\/api.w.org\/{rel}","templated":true}]}}