{"id":1033,"date":"2020-02-01T14:24:53","date_gmt":"2020-02-01T13:24:53","guid":{"rendered":"http:\/\/www.joerg-hamann.de\/cms\/?p=1033"},"modified":"2020-02-01T14:26:55","modified_gmt":"2020-02-01T13:26:55","slug":"damit-die-integration-gelingt-senat-verschleiert-probleme-bei-der-arbeitsmarktintegration-der-fluechtlinge-und-verhindert-so-eine-loesungsfindung","status":"publish","type":"post","link":"https:\/\/www.joerg-hamann.de\/cms\/2020\/02\/damit-die-integration-gelingt-senat-verschleiert-probleme-bei-der-arbeitsmarktintegration-der-fluechtlinge-und-verhindert-so-eine-loesungsfindung\/","title":{"rendered":"Damit die Integration gelingt \u2013 Senat verschleiert Probleme bei der Arbeitsmarktintegration der Fl\u00fcchtlinge und verhindert so eine L\u00f6sungsfindung"},"content":{"rendered":"\n<p>Um die Fl\u00fcchtlinge in unserer Stadt ist es vermeintlich ruhiger geworden. Das bedeutet jedoch nicht, dass ihre Integration an Brisanz verloren hat. Inzwischen leben immerhin rund 60 000 Personen mit entsprechendem Aufenthaltsstatus in Hamburg. 25 000 von ihnen wohnen noch in \u00f6ffentlich-rechtlichen Unterk\u00fcnften und selbst jene, die inzwischen in regul\u00e4ren Wohnungen untergekommen sind, d\u00fcrften Sprachbarrieren, fehlende soziale Kontakte sowie eine immer noch ungewisse langfristige Bleibeperspektive belasten.<\/p>\n<p><a href=\"https:\/\/www.buergerschaft-hh.de\/parldok\/dokument\/69393\/damit_die_integration_gelingt_senat_verschleiert_probleme_bei_der_arbeitsmarktintegration_der_fluechtlinge_und_verhindert_so_eine_loesungsfindung.pdf\" target=\"_blank\" rel=\"noopener noreferrer\">Hier geht es weiter zum Antrag<\/a><\/p>\n","protected":false},"excerpt":{"rendered":"<p>Um die Fl\u00fcchtlinge in unserer Stadt ist es vermeintlich ruhiger geworden. Das bedeutet jedoch nicht, dass ihre Integration an Brisanz verloren hat. Inzwischen leben immerhin rund 60 000 Personen mit entsprechendem Aufenthaltsstatus in Hamburg. 25 000 von ihnen wohnen noch in \u00f6ffentlich-rechtlichen Unterk\u00fcnften und selbst jene, die inzwischen in regul\u00e4ren Wohnungen untergekommen sind, d\u00fcrften Sprachbarrieren, [&hellip;]<\/p>\n","protected":false},"author":4,"featured_media":0,"comment_status":"closed","ping_status":"closed","sticky":false,"template":"","format":"standard","meta":[],"categories":[5],"tags":[],"_links":{"self":[{"href":"https:\/\/www.joerg-hamann.de\/cms\/wp-json\/wp\/v2\/posts\/1033"}],"collection":[{"href":"https:\/\/www.joerg-hamann.de\/cms\/wp-json\/wp\/v2\/posts"}],"about":[{"href":"https:\/\/www.joerg-hamann.de\/cms\/wp-json\/wp\/v2\/types\/post"}],"author":[{"embeddable":true,"href":"https:\/\/www.joerg-hamann.de\/cms\/wp-json\/wp\/v2\/users\/4"}],"replies":[{"embeddable":true,"href":"https:\/\/www.joerg-hamann.de\/cms\/wp-json\/wp\/v2\/comments?post=1033"}],"version-history":[{"count":1,"href":"https:\/\/www.joerg-hamann.de\/cms\/wp-json\/wp\/v2\/posts\/1033\/revisions"}],"predecessor-version":[{"id":1034,"href":"https:\/\/www.joerg-hamann.de\/cms\/wp-json\/wp\/v2\/posts\/1033\/revisions\/1034"}],"wp:attachment":[{"href":"https:\/\/www.joerg-hamann.de\/cms\/wp-json\/wp\/v2\/media?parent=1033"}],"wp:term":[{"taxonomy":"category","embeddable":true,"href":"https:\/\/www.joerg-hamann.de\/cms\/wp-json\/wp\/v2\/categories?post=1033"},{"taxonomy":"post_tag","embeddable":true,"href":"https:\/\/www.joerg-hamann.de\/cms\/wp-json\/wp\/v2\/tags?post=1033"}],"curies":[{"name":"wp","href":"https:\/\/api.w.org\/{rel}","templated":true}]}}