{"id":1044,"date":"2020-02-01T14:37:47","date_gmt":"2020-02-01T13:37:47","guid":{"rendered":"http:\/\/www.joerg-hamann.de\/cms\/?p=1044"},"modified":"2020-02-01T14:37:47","modified_gmt":"2020-02-01T13:37:47","slug":"fachkraeftemangel-effektiv-bekaempfen-klare-zukunftsperspektive-fuer-die-servicestelle-arbeitnehmerfreizuegigkeit-und-guenstige-unterkuenfte-zur-arbeitssuche-schaffen","status":"publish","type":"post","link":"https:\/\/www.joerg-hamann.de\/cms\/2020\/02\/fachkraeftemangel-effektiv-bekaempfen-klare-zukunftsperspektive-fuer-die-servicestelle-arbeitnehmerfreizuegigkeit-und-guenstige-unterkuenfte-zur-arbeitssuche-schaffen\/","title":{"rendered":"Fachkr\u00e4ftemangel effektiv bek\u00e4mpfen \u2013 Klare Zukunftsperspektive f\u00fcr die Servicestelle Arbeitnehmerfreiz\u00fcgigkeit und g\u00fcnstige Unterk\u00fcnfte zur Arbeitssuche schaffen"},"content":{"rendered":"\n<p>Im August 2019 forderte die CDU-Fraktion, der Senat m\u00f6ge gemeinsam mit der Handels- und der Handwerkskammer sowie den Wirtschaftsverb\u00e4nden ein Konzept f\u00fcr g\u00fcnstige, niedrigschwellige Unterkunftsm\u00f6glichkeiten f\u00fcr auf der Suche nach Arbeit nach Hamburg einreisende EU-B\u00fcrger entwickeln (Drs. 21\/18016). Im vergangenen Jahr allerdings konnten sich SPD und GR\u00dcNE nicht zu einer sofortigen Zusage durchringen und \u00fcberwiesen den Antrag der CDU-Fraktion in den Fachausschuss, wo dieser noch immer liegt. Nun fordern SPD und GR\u00dcNE, der Senat m\u00f6ge gemeinsam mit Kammern, Wirtschaftsverb\u00e4nden und Gewerkschaften eine Konzeption einer Arbeitnehmerinnen-\/Arbeitnehmer-Pension f\u00fcr neu nach Hamburg ankommende Arbeitsuchende entwickeln. Da die Forderungen nahezu identisch sind, ist eine Zustimmung der CDU-Fraktion zur Drs. 21\/19710 selbstverst\u00e4ndlich. Allerdings fehlt immer noch das ebenfalls in Drs. 21\/18016 geforderte Konzept f\u00fcr die Servicestelle Arbeitnehmerfreiz\u00fcgigkeit bez\u00fcglich der Aufstellung und Finanzierung nach dem Jahr 2020, was an dieser Stelle als Forderung erg\u00e4nzend zu Drs. 21\/19710 erneut eingefordert wird.<\/p>\n<p><a href=\"https:\/\/www.buergerschaft-hh.de\/parldok\/dokument\/69598\/fachkraeftemangel_effektiv_bekaempfen_klare_zukunftsperspektive_fuer_die_servicestelle_arbeitnehmerfreizuegigkeit_und_guenstige_unterkuenfte_zur_arbei.pdf\" target=\"_blank\" rel=\"noopener noreferrer\">Hier geht es weiter zum Antrag<\/a><\/p>\n","protected":false},"excerpt":{"rendered":"<p>Im August 2019 forderte die CDU-Fraktion, der Senat m\u00f6ge gemeinsam mit der Handels- und der Handwerkskammer sowie den Wirtschaftsverb\u00e4nden ein Konzept f\u00fcr g\u00fcnstige, niedrigschwellige Unterkunftsm\u00f6glichkeiten f\u00fcr auf der Suche nach Arbeit nach Hamburg einreisende EU-B\u00fcrger entwickeln (Drs. 21\/18016). Im vergangenen Jahr allerdings konnten sich SPD und GR\u00dcNE nicht zu einer sofortigen Zusage durchringen und \u00fcberwiesen [&hellip;]<\/p>\n","protected":false},"author":4,"featured_media":0,"comment_status":"closed","ping_status":"closed","sticky":false,"template":"","format":"standard","meta":[],"categories":[5],"tags":[],"_links":{"self":[{"href":"https:\/\/www.joerg-hamann.de\/cms\/wp-json\/wp\/v2\/posts\/1044"}],"collection":[{"href":"https:\/\/www.joerg-hamann.de\/cms\/wp-json\/wp\/v2\/posts"}],"about":[{"href":"https:\/\/www.joerg-hamann.de\/cms\/wp-json\/wp\/v2\/types\/post"}],"author":[{"embeddable":true,"href":"https:\/\/www.joerg-hamann.de\/cms\/wp-json\/wp\/v2\/users\/4"}],"replies":[{"embeddable":true,"href":"https:\/\/www.joerg-hamann.de\/cms\/wp-json\/wp\/v2\/comments?post=1044"}],"version-history":[{"count":1,"href":"https:\/\/www.joerg-hamann.de\/cms\/wp-json\/wp\/v2\/posts\/1044\/revisions"}],"predecessor-version":[{"id":1045,"href":"https:\/\/www.joerg-hamann.de\/cms\/wp-json\/wp\/v2\/posts\/1044\/revisions\/1045"}],"wp:attachment":[{"href":"https:\/\/www.joerg-hamann.de\/cms\/wp-json\/wp\/v2\/media?parent=1044"}],"wp:term":[{"taxonomy":"category","embeddable":true,"href":"https:\/\/www.joerg-hamann.de\/cms\/wp-json\/wp\/v2\/categories?post=1044"},{"taxonomy":"post_tag","embeddable":true,"href":"https:\/\/www.joerg-hamann.de\/cms\/wp-json\/wp\/v2\/tags?post=1044"}],"curies":[{"name":"wp","href":"https:\/\/api.w.org\/{rel}","templated":true}]}}