{"id":606,"date":"2018-01-03T14:08:12","date_gmt":"2018-01-03T14:08:12","guid":{"rendered":"http:\/\/www.joerg-hamann.de\/cms\/?p=606"},"modified":"2018-01-03T14:08:12","modified_gmt":"2018-01-03T14:08:12","slug":"damit-die-integration-gelingt-nutzt-rot-gruener-senat-endlich-die-chancen-der-zur-verfuegung-stehenden-arbeitsmarktprogramme-fuer-fluechtlinge","status":"publish","type":"post","link":"https:\/\/www.joerg-hamann.de\/cms\/2018\/01\/damit-die-integration-gelingt-nutzt-rot-gruener-senat-endlich-die-chancen-der-zur-verfuegung-stehenden-arbeitsmarktprogramme-fuer-fluechtlinge\/","title":{"rendered":"Damit die Integration gelingt &#8211; Nutzt rot-gr\u00fcner Senat endlich die Chancen der zur Verf\u00fcgung stehenden Arbeitsmarktprogramme f\u00fcr Fl\u00fcchtlinge?"},"content":{"rendered":"<p><a href=\"https:\/\/www.buergerschaft-hh.de\/ParlDok\/dokument\/56225\/damit-die-integration-gelingt-\u2013-nutzt-rot-gr\u00fcner-senat-endlich-die-chancen-der-zur-verf\u00fcgung-stehenden-arbeitsmarktprogramme-f\u00fcr-fl\u00fcchtlinge-.pdf\">Hier geht\u2018s zur Anfrage.<\/a><\/p>\n","protected":false},"excerpt":{"rendered":"<p>Hier geht\u2018s zur Anfrage.<\/p>\n","protected":false},"author":2,"featured_media":0,"comment_status":"closed","ping_status":"closed","sticky":false,"template":"","format":"standard","meta":[],"categories":[17],"tags":[],"_links":{"self":[{"href":"https:\/\/www.joerg-hamann.de\/cms\/wp-json\/wp\/v2\/posts\/606"}],"collection":[{"href":"https:\/\/www.joerg-hamann.de\/cms\/wp-json\/wp\/v2\/posts"}],"about":[{"href":"https:\/\/www.joerg-hamann.de\/cms\/wp-json\/wp\/v2\/types\/post"}],"author":[{"embeddable":true,"href":"https:\/\/www.joerg-hamann.de\/cms\/wp-json\/wp\/v2\/users\/2"}],"replies":[{"embeddable":true,"href":"https:\/\/www.joerg-hamann.de\/cms\/wp-json\/wp\/v2\/comments?post=606"}],"version-history":[{"count":1,"href":"https:\/\/www.joerg-hamann.de\/cms\/wp-json\/wp\/v2\/posts\/606\/revisions"}],"predecessor-version":[{"id":607,"href":"https:\/\/www.joerg-hamann.de\/cms\/wp-json\/wp\/v2\/posts\/606\/revisions\/607"}],"wp:attachment":[{"href":"https:\/\/www.joerg-hamann.de\/cms\/wp-json\/wp\/v2\/media?parent=606"}],"wp:term":[{"taxonomy":"category","embeddable":true,"href":"https:\/\/www.joerg-hamann.de\/cms\/wp-json\/wp\/v2\/categories?post=606"},{"taxonomy":"post_tag","embeddable":true,"href":"https:\/\/www.joerg-hamann.de\/cms\/wp-json\/wp\/v2\/tags?post=606"}],"curies":[{"name":"wp","href":"https:\/\/api.w.org\/{rel}","templated":true}]}}