{"id":800,"date":"2019-07-28T09:03:28","date_gmt":"2019-07-28T09:03:28","guid":{"rendered":"http:\/\/www.joerg-hamann.de\/cms\/?p=800"},"modified":"2019-07-28T09:03:28","modified_gmt":"2019-07-28T09:03:28","slug":"damit-die-integration-gelingt-nutzte-der-rot-gruene-senat-im-jahr-2018-tatsaechlich-alle-chancen-der-zur-verfuegung-stehenden-arbeitsmarktprogramme-fuer-fluechtlinge","status":"publish","type":"post","link":"https:\/\/www.joerg-hamann.de\/cms\/2019\/07\/damit-die-integration-gelingt-nutzte-der-rot-gruene-senat-im-jahr-2018-tatsaechlich-alle-chancen-der-zur-verfuegung-stehenden-arbeitsmarktprogramme-fuer-fluechtlinge\/","title":{"rendered":"Damit die Integration gelingt \u2013 Nutzte der rot-gr\u00fcne Senat im Jahr 2018 tats\u00e4chlich alle Chancen der zur Verf\u00fcgung stehenden Arbeitsmarktprogramme f\u00fcr Fl\u00fcchtlinge?"},"content":{"rendered":"\n<p><\/p>\n\n\n\n<p><a href=\"https:\/\/www.buergerschaft-hh.de\/parldok\/dokument\/65335\/damit_die_integration_gelingt_nutzte_der_rot_gruene_senat_im_jahr_2018_tatsaechlich_alle_chancen_der_zur_verfuegung_stehenden_arbeitsmarktprogramme_fu.pdf\" target=\"_blank\" rel=\"noreferrer noopener\" aria-label=\"Hier geht es zur Anfrage (\u00f6ffnet in neuem Tab)\">Hier geht es zur Anfrage<\/a><\/p>\n","protected":false},"excerpt":{"rendered":"<p>Hier geht es zur Anfrage<\/p>\n","protected":false},"author":4,"featured_media":0,"comment_status":"closed","ping_status":"closed","sticky":false,"template":"","format":"standard","meta":[],"categories":[17],"tags":[],"_links":{"self":[{"href":"https:\/\/www.joerg-hamann.de\/cms\/wp-json\/wp\/v2\/posts\/800"}],"collection":[{"href":"https:\/\/www.joerg-hamann.de\/cms\/wp-json\/wp\/v2\/posts"}],"about":[{"href":"https:\/\/www.joerg-hamann.de\/cms\/wp-json\/wp\/v2\/types\/post"}],"author":[{"embeddable":true,"href":"https:\/\/www.joerg-hamann.de\/cms\/wp-json\/wp\/v2\/users\/4"}],"replies":[{"embeddable":true,"href":"https:\/\/www.joerg-hamann.de\/cms\/wp-json\/wp\/v2\/comments?post=800"}],"version-history":[{"count":1,"href":"https:\/\/www.joerg-hamann.de\/cms\/wp-json\/wp\/v2\/posts\/800\/revisions"}],"predecessor-version":[{"id":801,"href":"https:\/\/www.joerg-hamann.de\/cms\/wp-json\/wp\/v2\/posts\/800\/revisions\/801"}],"wp:attachment":[{"href":"https:\/\/www.joerg-hamann.de\/cms\/wp-json\/wp\/v2\/media?parent=800"}],"wp:term":[{"taxonomy":"category","embeddable":true,"href":"https:\/\/www.joerg-hamann.de\/cms\/wp-json\/wp\/v2\/categories?post=800"},{"taxonomy":"post_tag","embeddable":true,"href":"https:\/\/www.joerg-hamann.de\/cms\/wp-json\/wp\/v2\/tags?post=800"}],"curies":[{"name":"wp","href":"https:\/\/api.w.org\/{rel}","templated":true}]}}