{"id":836,"date":"2019-07-28T09:30:50","date_gmt":"2019-07-28T09:30:50","guid":{"rendered":"http:\/\/www.joerg-hamann.de\/cms\/?p=836"},"modified":"2019-07-28T09:30:50","modified_gmt":"2019-07-28T09:30:50","slug":"damit-die-integration-gelingt-deutschkurse-fuer-muetter-kleiner-kinder-und-menschen-mit-mobilitaetseinschraenkungen-in-oeffentlich-rechtlichen-unterkuenften-moeglich-machen","status":"publish","type":"post","link":"https:\/\/www.joerg-hamann.de\/cms\/2019\/07\/damit-die-integration-gelingt-deutschkurse-fuer-muetter-kleiner-kinder-und-menschen-mit-mobilitaetseinschraenkungen-in-oeffentlich-rechtlichen-unterkuenften-moeglich-machen\/","title":{"rendered":"Damit die Integration gelingt \u2013 Deutschkurse f\u00fcr M\u00fctter kleiner Kinder und Menschen mit Mobilit\u00e4tseinschr\u00e4nkungen in \u00f6ffentlich-rechtlichen Unterk\u00fcnften m\u00f6glich machen"},"content":{"rendered":"\n<p><\/p>\n\n\n\n<p><a href=\"https:\/\/www.buergerschaft-hh.de\/parldok\/dokument\/66395\/damit_die_integration_gelingt_deutschkurse_fuer_muetter_kleiner_kinder_und_menschen_mit_mobilitaetseinschraenkungen_in_oeffentlich_rechtlichen_unterku.pdf\" target=\"_blank\" rel=\"noreferrer noopener\" aria-label=\"Hier geht es zum Antrag (\u00f6ffnet in neuem Tab)\">Hier geht es zum Antrag<\/a><\/p>\n","protected":false},"excerpt":{"rendered":"<p>Hier geht es zum Antrag<\/p>\n","protected":false},"author":4,"featured_media":0,"comment_status":"closed","ping_status":"closed","sticky":false,"template":"","format":"standard","meta":[],"categories":[5],"tags":[],"_links":{"self":[{"href":"https:\/\/www.joerg-hamann.de\/cms\/wp-json\/wp\/v2\/posts\/836"}],"collection":[{"href":"https:\/\/www.joerg-hamann.de\/cms\/wp-json\/wp\/v2\/posts"}],"about":[{"href":"https:\/\/www.joerg-hamann.de\/cms\/wp-json\/wp\/v2\/types\/post"}],"author":[{"embeddable":true,"href":"https:\/\/www.joerg-hamann.de\/cms\/wp-json\/wp\/v2\/users\/4"}],"replies":[{"embeddable":true,"href":"https:\/\/www.joerg-hamann.de\/cms\/wp-json\/wp\/v2\/comments?post=836"}],"version-history":[{"count":1,"href":"https:\/\/www.joerg-hamann.de\/cms\/wp-json\/wp\/v2\/posts\/836\/revisions"}],"predecessor-version":[{"id":837,"href":"https:\/\/www.joerg-hamann.de\/cms\/wp-json\/wp\/v2\/posts\/836\/revisions\/837"}],"wp:attachment":[{"href":"https:\/\/www.joerg-hamann.de\/cms\/wp-json\/wp\/v2\/media?parent=836"}],"wp:term":[{"taxonomy":"category","embeddable":true,"href":"https:\/\/www.joerg-hamann.de\/cms\/wp-json\/wp\/v2\/categories?post=836"},{"taxonomy":"post_tag","embeddable":true,"href":"https:\/\/www.joerg-hamann.de\/cms\/wp-json\/wp\/v2\/tags?post=836"}],"curies":[{"name":"wp","href":"https:\/\/api.w.org\/{rel}","templated":true}]}}