{"id":853,"date":"2019-07-28T10:07:25","date_gmt":"2019-07-28T10:07:25","guid":{"rendered":"http:\/\/www.joerg-hamann.de\/cms\/?p=853"},"modified":"2019-07-28T10:07:25","modified_gmt":"2019-07-28T10:07:25","slug":"damit-die-integration-gelingt-senat-soll-sprachdiplom-avm-dual-verpflichtend-machen-und-schwachen-schuelern-verlaengerung-ermoeglichen","status":"publish","type":"post","link":"https:\/\/www.joerg-hamann.de\/cms\/2019\/07\/damit-die-integration-gelingt-senat-soll-sprachdiplom-avm-dual-verpflichtend-machen-und-schwachen-schuelern-verlaengerung-ermoeglichen\/","title":{"rendered":"Damit die Integration gelingt \u2013 Senat soll Sprachdiplom AvM-Dual verpflichtend machen und schwachen Sch\u00fclern Verl\u00e4ngerung erm\u00f6glichen"},"content":{"rendered":"\n<p><\/p>\n\n\n\n<p><a href=\"https:\/\/www.buergerschaft-hh.de\/parldok\/dokument\/66499\/damit_die_integration_gelingt_senat_soll_sprachdiplom_avm_dual_verpflichtend_machen_und_schwachen_schuelern_verlaengerung_ermoeglichen.pdf\" target=\"_blank\" rel=\"noreferrer noopener\" aria-label=\"Hier geht es zum Antrag (\u00f6ffnet in neuem Tab)\">Hier geht es zum Antrag<\/a><\/p>\n","protected":false},"excerpt":{"rendered":"<p>Hier geht es zum Antrag<\/p>\n","protected":false},"author":4,"featured_media":0,"comment_status":"closed","ping_status":"closed","sticky":false,"template":"","format":"standard","meta":[],"categories":[5],"tags":[],"_links":{"self":[{"href":"https:\/\/www.joerg-hamann.de\/cms\/wp-json\/wp\/v2\/posts\/853"}],"collection":[{"href":"https:\/\/www.joerg-hamann.de\/cms\/wp-json\/wp\/v2\/posts"}],"about":[{"href":"https:\/\/www.joerg-hamann.de\/cms\/wp-json\/wp\/v2\/types\/post"}],"author":[{"embeddable":true,"href":"https:\/\/www.joerg-hamann.de\/cms\/wp-json\/wp\/v2\/users\/4"}],"replies":[{"embeddable":true,"href":"https:\/\/www.joerg-hamann.de\/cms\/wp-json\/wp\/v2\/comments?post=853"}],"version-history":[{"count":1,"href":"https:\/\/www.joerg-hamann.de\/cms\/wp-json\/wp\/v2\/posts\/853\/revisions"}],"predecessor-version":[{"id":854,"href":"https:\/\/www.joerg-hamann.de\/cms\/wp-json\/wp\/v2\/posts\/853\/revisions\/854"}],"wp:attachment":[{"href":"https:\/\/www.joerg-hamann.de\/cms\/wp-json\/wp\/v2\/media?parent=853"}],"wp:term":[{"taxonomy":"category","embeddable":true,"href":"https:\/\/www.joerg-hamann.de\/cms\/wp-json\/wp\/v2\/categories?post=853"},{"taxonomy":"post_tag","embeddable":true,"href":"https:\/\/www.joerg-hamann.de\/cms\/wp-json\/wp\/v2\/tags?post=853"}],"curies":[{"name":"wp","href":"https:\/\/api.w.org\/{rel}","templated":true}]}}