{"id":863,"date":"2019-07-28T10:16:47","date_gmt":"2019-07-28T10:16:47","guid":{"rendered":"http:\/\/www.joerg-hamann.de\/cms\/?p=863"},"modified":"2019-07-28T10:16:47","modified_gmt":"2019-07-28T10:16:47","slug":"medizinische-versorgung-in-allen-lebenslagen-sichern-luecken-bei-der-krankenversorgung-fuer-obdachlose-schliessen","status":"publish","type":"post","link":"https:\/\/www.joerg-hamann.de\/cms\/2019\/07\/medizinische-versorgung-in-allen-lebenslagen-sichern-luecken-bei-der-krankenversorgung-fuer-obdachlose-schliessen\/","title":{"rendered":"Medizinische Versorgung in allen Lebenslagen sichern \u2013 L\u00fccken bei der Krankenversorgung f\u00fcr Obdachlose schlie\u00dfen"},"content":{"rendered":"\n<p><\/p>\n\n\n\n<p><a href=\"https:\/\/www.buergerschaft-hh.de\/parldok\/dokument\/66704\/medizinische_versorgung_in_allen_lebenslagen_sichern_luecken_bei_der_krankenversorgung_fuer_obdachlose_schliessen.pdf\" target=\"_blank\" rel=\"noreferrer noopener\" aria-label=\"Hier geht es zum Antrag (\u00f6ffnet in neuem Tab)\">Hier geht es zum Antrag<\/a><\/p>\n","protected":false},"excerpt":{"rendered":"<p>Die medizinische Versorgung ist auch f\u00fcr wohnungs- und obdachlose Menschen \u00fcber<br \/>\ndas Regelversorgungssystem vorgesehen und grunds\u00e4tzlich gew\u00e4hrleistet\u201c, so der<br \/>\nSenat auf Kritik der CDU-Fraktion (Drs. 21\/16710). Grunds\u00e4tzlich mag dies zwar<br \/>\nzutreffen, allerdings gibt es L\u00fccken im System, wie eine Schriftliche Kleine Anfrage<br \/>\nder CDU-Fraktion belegt (Drs. 21\/16710). Hinzu kommt, dass die Obdachlosenbefragung vom M\u00e4rz 2018 ergeben hat, dass 53,4 Prozent nicht im Besitz einer g\u00fcltigen<br \/>\nKrankenversicherungskarte sind.<\/p>\n","protected":false},"author":4,"featured_media":0,"comment_status":"closed","ping_status":"closed","sticky":false,"template":"","format":"standard","meta":[],"categories":[5],"tags":[],"_links":{"self":[{"href":"https:\/\/www.joerg-hamann.de\/cms\/wp-json\/wp\/v2\/posts\/863"}],"collection":[{"href":"https:\/\/www.joerg-hamann.de\/cms\/wp-json\/wp\/v2\/posts"}],"about":[{"href":"https:\/\/www.joerg-hamann.de\/cms\/wp-json\/wp\/v2\/types\/post"}],"author":[{"embeddable":true,"href":"https:\/\/www.joerg-hamann.de\/cms\/wp-json\/wp\/v2\/users\/4"}],"replies":[{"embeddable":true,"href":"https:\/\/www.joerg-hamann.de\/cms\/wp-json\/wp\/v2\/comments?post=863"}],"version-history":[{"count":1,"href":"https:\/\/www.joerg-hamann.de\/cms\/wp-json\/wp\/v2\/posts\/863\/revisions"}],"predecessor-version":[{"id":864,"href":"https:\/\/www.joerg-hamann.de\/cms\/wp-json\/wp\/v2\/posts\/863\/revisions\/864"}],"wp:attachment":[{"href":"https:\/\/www.joerg-hamann.de\/cms\/wp-json\/wp\/v2\/media?parent=863"}],"wp:term":[{"taxonomy":"category","embeddable":true,"href":"https:\/\/www.joerg-hamann.de\/cms\/wp-json\/wp\/v2\/categories?post=863"},{"taxonomy":"post_tag","embeddable":true,"href":"https:\/\/www.joerg-hamann.de\/cms\/wp-json\/wp\/v2\/tags?post=863"}],"curies":[{"name":"wp","href":"https:\/\/api.w.org\/{rel}","templated":true}]}}