{"id":882,"date":"2019-07-28T10:35:15","date_gmt":"2019-07-28T10:35:15","guid":{"rendered":"http:\/\/www.joerg-hamann.de\/cms\/?p=882"},"modified":"2019-07-28T10:35:15","modified_gmt":"2019-07-28T10:35:15","slug":"erschwert-lasch-umgesetzte-orientierungsberatung-fuer-fluechtlinge-deren-integration","status":"publish","type":"post","link":"https:\/\/www.joerg-hamann.de\/cms\/2019\/07\/erschwert-lasch-umgesetzte-orientierungsberatung-fuer-fluechtlinge-deren-integration\/","title":{"rendered":"Erschwert lasch umgesetzte Orientierungsberatung f\u00fcr Fl\u00fcchtlinge deren Integration?"},"content":{"rendered":"\n<p><\/p>\n\n\n\n<p><a href=\"https:\/\/www.buergerschaft-hh.de\/parldok\/dokument\/66897\/erschwert_lasch_umgesetzte_orientierungsberatung_fuer_fluechtlinge_deren_integration.pdf\" target=\"_blank\" rel=\"noreferrer noopener\" aria-label=\"Hier geht es zur Anfrage (\u00f6ffnet in neuem Tab)\">Hier geht es zur Anfrage<\/a><\/p>\n","protected":false},"excerpt":{"rendered":"<p>Immer wieder berichten ehrenamtliche Mitarbeiter aus \u00f6ffentlich-rechtlichen<br \/>\nUnterk\u00fcnften (\u00f6rU), dass manche Fl\u00fcchtlinge dort teilweise orientierungslos<br \/>\nihren Alltag verbringen. Dies verwundert insofern, als der Senat doch stets in<br \/>\nAnfragen und in dem zust\u00e4ndigen Fachausschuss den Eindruck vermittelt,<br \/>\ndass die Orientierungsberatung der \u00f6rU sicherstelle, dass die Bewohner von<br \/>\nIntegrationsangeboten erfahren und Unterst\u00fctzung bei der Bew\u00e4ltigung der<br \/>\nvor ihnen liegenden Herausforderungen erhalten. Drs. 21\/16040 macht aber<br \/>\ndeutlich, dass die Orientierungsberatung nur freiwillig ist, obwohl die im<br \/>\nOktober 2018 beschlossene Leistungsvereinbarung zum Unterkunft- und<br \/>\nSozialmanagement (UKSM) zwischen der Beh\u00f6rde f\u00fcr Arbeit, Soziales,<br \/>\nFamilie und Integration (BASFI) und f &#038; w f\u00f6rdern und wohnen A\u00f6R (f &#038; w)<br \/>\nden Eindruck vermittelt, dass das Sozialmanagement auch lenkend eingreift,<br \/>\nist hier doch die Rede von \u201eMotivierung und Aktivierung der Bewohner\/<br \/>\n-innen\u201c. <\/p>\n","protected":false},"author":4,"featured_media":0,"comment_status":"closed","ping_status":"closed","sticky":false,"template":"","format":"standard","meta":[],"categories":[17],"tags":[],"_links":{"self":[{"href":"https:\/\/www.joerg-hamann.de\/cms\/wp-json\/wp\/v2\/posts\/882"}],"collection":[{"href":"https:\/\/www.joerg-hamann.de\/cms\/wp-json\/wp\/v2\/posts"}],"about":[{"href":"https:\/\/www.joerg-hamann.de\/cms\/wp-json\/wp\/v2\/types\/post"}],"author":[{"embeddable":true,"href":"https:\/\/www.joerg-hamann.de\/cms\/wp-json\/wp\/v2\/users\/4"}],"replies":[{"embeddable":true,"href":"https:\/\/www.joerg-hamann.de\/cms\/wp-json\/wp\/v2\/comments?post=882"}],"version-history":[{"count":1,"href":"https:\/\/www.joerg-hamann.de\/cms\/wp-json\/wp\/v2\/posts\/882\/revisions"}],"predecessor-version":[{"id":883,"href":"https:\/\/www.joerg-hamann.de\/cms\/wp-json\/wp\/v2\/posts\/882\/revisions\/883"}],"wp:attachment":[{"href":"https:\/\/www.joerg-hamann.de\/cms\/wp-json\/wp\/v2\/media?parent=882"}],"wp:term":[{"taxonomy":"category","embeddable":true,"href":"https:\/\/www.joerg-hamann.de\/cms\/wp-json\/wp\/v2\/categories?post=882"},{"taxonomy":"post_tag","embeddable":true,"href":"https:\/\/www.joerg-hamann.de\/cms\/wp-json\/wp\/v2\/tags?post=882"}],"curies":[{"name":"wp","href":"https:\/\/api.w.org\/{rel}","templated":true}]}}