{"id":886,"date":"2019-07-28T10:38:34","date_gmt":"2019-07-28T10:38:34","guid":{"rendered":"http:\/\/www.joerg-hamann.de\/cms\/?p=886"},"modified":"2019-07-28T10:38:34","modified_gmt":"2019-07-28T10:38:34","slug":"ehrenamt-staerken-angebot-der-freiwilligenagenturen-gezielt-erweitern-und-traeger-besser-auf-konkrete-anforderungen-vorbereiten","status":"publish","type":"post","link":"https:\/\/www.joerg-hamann.de\/cms\/2019\/07\/ehrenamt-staerken-angebot-der-freiwilligenagenturen-gezielt-erweitern-und-traeger-besser-auf-konkrete-anforderungen-vorbereiten\/","title":{"rendered":"Ehrenamt st\u00e4rken \u2013 Angebot der Freiwilligenagenturen gezielt erweitern und Tr\u00e4ger besser auf konkrete Anforderungen vorbereiten"},"content":{"rendered":"\n<p><\/p>\n\n\n\n<p><a href=\"https:\/\/www.buergerschaft-hh.de\/parldok\/dokument\/66992\/ehrenamt_staerken_angebot_der_freiwilligenagenturen_gezielt_erweitern_und_traeger_besser_auf_konkrete_anforderungen_vorbereiten.pdf\" target=\"_blank\" rel=\"noreferrer noopener\" aria-label=\"Hier geht es zum Antrag (\u00f6ffnet in neuem Tab)\">Hier geht es zum Antrag<\/a><\/p>\n","protected":false},"excerpt":{"rendered":"<p>Gemeinsam Hamburg besser machen, Taten sprechen lassen und die Gesellschaft<br \/>\nals Ganzes st\u00e4rken! Die Idee des Ehrenamts begeistert grunds\u00e4tzlich viele. Und nicht<br \/>\nnur das: Unser gesellschaftlicher Aufbau beruht auf dem Ehrenamt \u2013 im Sportverein,<br \/>\nbei der Obdachlosenhilfe oder beim berufsspezifischen Ehrenamt. Doch in der Praxis<br \/>\ngibt es viele Gr\u00fcnde, warum die Zahl derjenigen, die sich aktiv als Freiwillige engagieren, nicht so hoch ist wie sie sein k\u00f6nnte beziehungsweise m\u00fcsste. Oft scheitert es<br \/>\nschon daran, dass potenzielle Helfer zwar den Wunsch versp\u00fcren, sich in ihrer Freizeit ehrenamtlich in die Gesellschaft einbringen zu wollen, aber nicht wissen, an wen<br \/>\nsie sich mit ihrem Anliegen wenden sollen. Oft mangelt es aber auch schlicht an der<br \/>\nM\u00f6glichkeit, sich \u00fcber das Facettenreichtum des Ehrenamtes und offene \u201eStellen\u201c zu<br \/>\ninformieren. Diesem Defizit hatte die CDU-Fraktion bereits mit ihrem Antrag \u201eDen<br \/>\nFreiwilligen die Suche nach einer geeigneten ehrenamtlichen T\u00e4tigkeit erleichtern\u201c<br \/>\n(Drs. 21\/15260) Abhilfe schaffen wollen. Auch die Vorbereitung und Weiterbildung der<br \/>\nFreiwilligen f\u00fcr ihre neue Aufgabe durch die Freiwilligenagentur sollte gest\u00e4rkt werden.<br \/>\nUnd die Anerkennung der Engagierten sollte mit der Bonuskarte \u201eHamburg sagt Danke\u201c (Drs. 21\/15582) gekr\u00f6nt werden, so wie sie in Schleswig-Holstein mit Tausenden<br \/>\nKarteninhaber bei geringem b\u00fcrokratischem Aufwand und Kosten realisiert wird. Beide<br \/>\nInitiativen lehnte Rot-Gr\u00fcn im Sozialausschuss ab, allerdings finden sich die Forderungen in \u00e4hnlicher Form in Drs. 21\/17299 wieder, erg\u00e4nzt um weitere, durchaus gute<br \/>\nVorschl\u00e4ge. <\/p>\n","protected":false},"author":4,"featured_media":0,"comment_status":"closed","ping_status":"closed","sticky":false,"template":"","format":"standard","meta":[],"categories":[5],"tags":[],"_links":{"self":[{"href":"https:\/\/www.joerg-hamann.de\/cms\/wp-json\/wp\/v2\/posts\/886"}],"collection":[{"href":"https:\/\/www.joerg-hamann.de\/cms\/wp-json\/wp\/v2\/posts"}],"about":[{"href":"https:\/\/www.joerg-hamann.de\/cms\/wp-json\/wp\/v2\/types\/post"}],"author":[{"embeddable":true,"href":"https:\/\/www.joerg-hamann.de\/cms\/wp-json\/wp\/v2\/users\/4"}],"replies":[{"embeddable":true,"href":"https:\/\/www.joerg-hamann.de\/cms\/wp-json\/wp\/v2\/comments?post=886"}],"version-history":[{"count":1,"href":"https:\/\/www.joerg-hamann.de\/cms\/wp-json\/wp\/v2\/posts\/886\/revisions"}],"predecessor-version":[{"id":887,"href":"https:\/\/www.joerg-hamann.de\/cms\/wp-json\/wp\/v2\/posts\/886\/revisions\/887"}],"wp:attachment":[{"href":"https:\/\/www.joerg-hamann.de\/cms\/wp-json\/wp\/v2\/media?parent=886"}],"wp:term":[{"taxonomy":"category","embeddable":true,"href":"https:\/\/www.joerg-hamann.de\/cms\/wp-json\/wp\/v2\/categories?post=886"},{"taxonomy":"post_tag","embeddable":true,"href":"https:\/\/www.joerg-hamann.de\/cms\/wp-json\/wp\/v2\/tags?post=886"}],"curies":[{"name":"wp","href":"https:\/\/api.w.org\/{rel}","templated":true}]}}