{"id":890,"date":"2019-07-28T10:42:51","date_gmt":"2019-07-28T10:42:51","guid":{"rendered":"http:\/\/www.joerg-hamann.de\/cms\/?p=890"},"modified":"2019-07-28T10:43:47","modified_gmt":"2019-07-28T10:43:47","slug":"potenzialflaechen-fuer-wohnungsbau-in-den-bezirken","status":"publish","type":"post","link":"https:\/\/www.joerg-hamann.de\/cms\/2019\/07\/potenzialflaechen-fuer-wohnungsbau-in-den-bezirken\/","title":{"rendered":"Potenzialfl\u00e4chen f\u00fcr Wohnungsbau in den Bezirken"},"content":{"rendered":"\n<p>Der Pr\u00e4ses der Finanzbeh\u00f6rde hat angek\u00fcndigt, Grundst\u00fcckspekulationen entgegenzuwirken. Zuk\u00fcnftig soll f\u00fcr baureife Grundst\u00fccke, die nach Lage, Form, Gr\u00f6\u00dfe, Zustand und \u00f6ffentlich-rechtlichen Vorschriften sofort bebaut werden k\u00f6nnten, ein erh\u00f6hter Grundsteuerhebesatz festgelegt werden. Die rechtliche Grundlage bietet die im Gesetzgebungsverfahren befindliche Grundsteuerreform, genauer die sogenannte Grundsteuer C, die Teil des Gesetzesentwurfs ist. Formell kann die Grundsteuer C erst zum 1. Januar 2025 erhoben werden, die zust\u00e4ndigen Fachbeh\u00f6rden sollen in Kooperation mit den Bezirken nun aber mit den Vorbereitungen beginnen, sodass die neue Grundsteuer C bis 2025 rechtssicher erhoben werden kann.<\/p>\n\n\n\n<p><a rel=\"noreferrer noopener\" aria-label=\"Vor diesem Hintergrund frage ich den Senat:  (\u00f6ffnet in neuem Tab)\" href=\"https:\/\/www.buergerschaft-hh.de\/parldok\/dokument\/67374\/potenzialflaechen_fuer_wohnungsbau_in_den_bezirken.pdf\" target=\"_blank\">Vor diesem Hintergrund frage ich den Senat<\/a><\/p>\n","protected":false},"excerpt":{"rendered":"<p>Der Pr\u00e4ses der Finanzbeh\u00f6rde hat angek\u00fcndigt, Grundst\u00fcckspekulationen<br \/>\nentgegenzuwirken. Zuk\u00fcnftig soll f\u00fcr baureife Grundst\u00fccke, die nach Lage,<br \/>\nForm, Gr\u00f6\u00dfe, Zustand und \u00f6ffentlich-rechtlichen Vorschriften sofort bebaut<br \/>\nwerden k\u00f6nnten, ein erh\u00f6hter Grundsteuerhebesatz festgelegt werden. Die<br \/>\nrechtliche Grundlage bietet die im Gesetzgebungsverfahren befindliche<br \/>\nGrundsteuerreform, genauer die sogenannte Grundsteuer C, die Teil des<br \/>\nGesetzesentwurfs ist. Formell kann die Grundsteuer C erst zum 1. Januar<br \/>\n2025 erhoben werden, die zust\u00e4ndigen Fachbeh\u00f6rden sollen in Kooperation<br \/>\nmit den Bezirken nun aber mit den Vorbereitungen beginnen, sodass die<br \/>\nneue Grundsteuer C bis 2025 rechtssicher erhoben werden kann.<\/p>\n","protected":false},"author":4,"featured_media":0,"comment_status":"closed","ping_status":"closed","sticky":false,"template":"","format":"standard","meta":[],"categories":[17],"tags":[],"_links":{"self":[{"href":"https:\/\/www.joerg-hamann.de\/cms\/wp-json\/wp\/v2\/posts\/890"}],"collection":[{"href":"https:\/\/www.joerg-hamann.de\/cms\/wp-json\/wp\/v2\/posts"}],"about":[{"href":"https:\/\/www.joerg-hamann.de\/cms\/wp-json\/wp\/v2\/types\/post"}],"author":[{"embeddable":true,"href":"https:\/\/www.joerg-hamann.de\/cms\/wp-json\/wp\/v2\/users\/4"}],"replies":[{"embeddable":true,"href":"https:\/\/www.joerg-hamann.de\/cms\/wp-json\/wp\/v2\/comments?post=890"}],"version-history":[{"count":3,"href":"https:\/\/www.joerg-hamann.de\/cms\/wp-json\/wp\/v2\/posts\/890\/revisions"}],"predecessor-version":[{"id":893,"href":"https:\/\/www.joerg-hamann.de\/cms\/wp-json\/wp\/v2\/posts\/890\/revisions\/893"}],"wp:attachment":[{"href":"https:\/\/www.joerg-hamann.de\/cms\/wp-json\/wp\/v2\/media?parent=890"}],"wp:term":[{"taxonomy":"category","embeddable":true,"href":"https:\/\/www.joerg-hamann.de\/cms\/wp-json\/wp\/v2\/categories?post=890"},{"taxonomy":"post_tag","embeddable":true,"href":"https:\/\/www.joerg-hamann.de\/cms\/wp-json\/wp\/v2\/tags?post=890"}],"curies":[{"name":"wp","href":"https:\/\/api.w.org\/{rel}","templated":true}]}}