{"id":904,"date":"2019-09-01T09:34:11","date_gmt":"2019-09-01T09:34:11","guid":{"rendered":"http:\/\/www.joerg-hamann.de\/cms\/?p=904"},"modified":"2019-09-01T09:34:11","modified_gmt":"2019-09-01T09:34:11","slug":"damit-die-integration-gelingt-sozialmanagement-der-fluechtlingsunterkuenfte-staerker-in-die-integrationsarbeit-einbinden","status":"publish","type":"post","link":"https:\/\/www.joerg-hamann.de\/cms\/2019\/09\/damit-die-integration-gelingt-sozialmanagement-der-fluechtlingsunterkuenfte-staerker-in-die-integrationsarbeit-einbinden\/","title":{"rendered":"Damit die Integration gelingt \u2013 Sozialmanagement der Fl\u00fcchtlingsunterk\u00fcnfte st\u00e4rker in die Integrationsarbeit einbinden"},"content":{"rendered":"\n<p><a href=\"https:\/\/www.buergerschaft-hh.de\/parldok\/dokument\/67664\/damit_die_integration_gelingt_sozialmanagement_der_fluechtlingsunterkuenfte_staerker_in_die_integrationsarbeit_einbinden.pdf\" target=\"_blank\" rel=\"noreferrer noopener\" aria-label=\"Hier geht es zum Antrag (\u00f6ffnet in neuem Tab)\">Hier geht es zum Antrag<\/a><\/p>\n","protected":false},"excerpt":{"rendered":"<p>Im Hamburg lebten Ende Juni 2019 in den insgesamt 122 \u00f6ffentlich-rechtlichen Unterk\u00fcnften (\u00f6rU) 31 222 Personen, davon 25 946 Fl\u00fcchtlinge und 5 276 Wohnungslose.<br \/>\nTheoretisch steht das Unterkunfts- und Sozialmanagement (UKSM) der \u00f6rU den<br \/>\nBewohnern jederzeit als Gespr\u00e4chspartner zur Verf\u00fcgung. Es f\u00fchrt eine sogenannte<br \/>\nVerweisberatung durch. Allerdings wissen viele Berater gar nicht \u00fcber alle Angebote<br \/>\nBescheid.<\/p>\n","protected":false},"author":4,"featured_media":0,"comment_status":"closed","ping_status":"closed","sticky":false,"template":"","format":"standard","meta":[],"categories":[5],"tags":[],"_links":{"self":[{"href":"https:\/\/www.joerg-hamann.de\/cms\/wp-json\/wp\/v2\/posts\/904"}],"collection":[{"href":"https:\/\/www.joerg-hamann.de\/cms\/wp-json\/wp\/v2\/posts"}],"about":[{"href":"https:\/\/www.joerg-hamann.de\/cms\/wp-json\/wp\/v2\/types\/post"}],"author":[{"embeddable":true,"href":"https:\/\/www.joerg-hamann.de\/cms\/wp-json\/wp\/v2\/users\/4"}],"replies":[{"embeddable":true,"href":"https:\/\/www.joerg-hamann.de\/cms\/wp-json\/wp\/v2\/comments?post=904"}],"version-history":[{"count":1,"href":"https:\/\/www.joerg-hamann.de\/cms\/wp-json\/wp\/v2\/posts\/904\/revisions"}],"predecessor-version":[{"id":905,"href":"https:\/\/www.joerg-hamann.de\/cms\/wp-json\/wp\/v2\/posts\/904\/revisions\/905"}],"wp:attachment":[{"href":"https:\/\/www.joerg-hamann.de\/cms\/wp-json\/wp\/v2\/media?parent=904"}],"wp:term":[{"taxonomy":"category","embeddable":true,"href":"https:\/\/www.joerg-hamann.de\/cms\/wp-json\/wp\/v2\/categories?post=904"},{"taxonomy":"post_tag","embeddable":true,"href":"https:\/\/www.joerg-hamann.de\/cms\/wp-json\/wp\/v2\/tags?post=904"}],"curies":[{"name":"wp","href":"https:\/\/api.w.org\/{rel}","templated":true}]}}