{"id":908,"date":"2019-09-01T09:44:42","date_gmt":"2019-09-01T09:44:42","guid":{"rendered":"http:\/\/www.joerg-hamann.de\/cms\/?p=908"},"modified":"2019-09-01T09:44:42","modified_gmt":"2019-09-01T09:44:42","slug":"damit-die-integration-gelingt-senat-soll-belegen-dass-die-standortreduzierungen-bei-den-perspektive-wohnen-fluechtlingsunterkuenften-integrationsfoerdernd-erfolgen","status":"publish","type":"post","link":"https:\/\/www.joerg-hamann.de\/cms\/2019\/09\/damit-die-integration-gelingt-senat-soll-belegen-dass-die-standortreduzierungen-bei-den-perspektive-wohnen-fluechtlingsunterkuenften-integrationsfoerdernd-erfolgen\/","title":{"rendered":"Damit die Integration gelingt \u2013 Senat soll belegen, dass die Standortreduzierungen bei den \u201ePerspektive Wohnen\u201c-Fl\u00fcchtlingsunterk\u00fcnften integrationsf\u00f6rdernd erfolgen"},"content":{"rendered":"\n<p><a rel=\"noreferrer noopener\" aria-label=\"Hier geht es zum Anftrag (\u00f6ffnet in neuem Tab)\" href=\"https:\/\/www.buergerschaft-hh.de\/parldok\/dokument\/67667\/damit_die_integration_gelingt_senat_soll_belegen_dass_die_standortreduzierungen_bei_den_perspektive_wohnen_fluechtlingsunterkuenften_integrationsfoerd.pdf\" target=\"_blank\">Hier geht es zum Antrag<\/a><\/p>\n","protected":false},"excerpt":{"rendered":"<p>Ohne Zweifel war der Fl\u00fcchtlingszuzug des Jahres 2015 eine Ausnahmesituation, die<br \/>\nau\u00dfergew\u00f6hnliche Antworten verlangte. Mit der Vorlage der Drs. 21\/1838 zu den<br \/>\n\u201eFl\u00fcchtlingsunterk\u00fcnfte mit der Perspektive Wohnen\u201c schoss der rot-gr\u00fcne Senat<br \/>\nallerdings weit \u00fcber das Ziel hinaus. Die angedachten bis zu 800 Wohnungen je Fl\u00e4che als \u00f6ffentliche-rechtliche Unterkunft (\u00f6rU) mit Belegung mit bis zu f\u00fcnf Personen je<br \/>\nWohnung h\u00e4tten bis zu 4 000 Fl\u00fcchtlinge je Standort ergeben. Die CDU-Fraktion<br \/>\nwarnte sofort vor diesen integrationsfeindlichen Pl\u00e4nen und zahlreiche B\u00fcrgerinitiativen vor Ort, versammelt unter dem Dach der Volksinitiative \u201eHamburg f\u00fcr gute Integration!\u201c, zwangen den Senat, die Zahl der Fl\u00fcchtlinge je Standort deutlich zu reduzieren<br \/>\n(Drs. 21\/5231).<\/p>\n","protected":false},"author":4,"featured_media":0,"comment_status":"closed","ping_status":"closed","sticky":false,"template":"","format":"standard","meta":[],"categories":[5],"tags":[],"_links":{"self":[{"href":"https:\/\/www.joerg-hamann.de\/cms\/wp-json\/wp\/v2\/posts\/908"}],"collection":[{"href":"https:\/\/www.joerg-hamann.de\/cms\/wp-json\/wp\/v2\/posts"}],"about":[{"href":"https:\/\/www.joerg-hamann.de\/cms\/wp-json\/wp\/v2\/types\/post"}],"author":[{"embeddable":true,"href":"https:\/\/www.joerg-hamann.de\/cms\/wp-json\/wp\/v2\/users\/4"}],"replies":[{"embeddable":true,"href":"https:\/\/www.joerg-hamann.de\/cms\/wp-json\/wp\/v2\/comments?post=908"}],"version-history":[{"count":1,"href":"https:\/\/www.joerg-hamann.de\/cms\/wp-json\/wp\/v2\/posts\/908\/revisions"}],"predecessor-version":[{"id":909,"href":"https:\/\/www.joerg-hamann.de\/cms\/wp-json\/wp\/v2\/posts\/908\/revisions\/909"}],"wp:attachment":[{"href":"https:\/\/www.joerg-hamann.de\/cms\/wp-json\/wp\/v2\/media?parent=908"}],"wp:term":[{"taxonomy":"category","embeddable":true,"href":"https:\/\/www.joerg-hamann.de\/cms\/wp-json\/wp\/v2\/categories?post=908"},{"taxonomy":"post_tag","embeddable":true,"href":"https:\/\/www.joerg-hamann.de\/cms\/wp-json\/wp\/v2\/tags?post=908"}],"curies":[{"name":"wp","href":"https:\/\/api.w.org\/{rel}","templated":true}]}}