{"id":917,"date":"2019-09-22T13:19:33","date_gmt":"2019-09-22T13:19:33","guid":{"rendered":"http:\/\/www.joerg-hamann.de\/cms\/?p=917"},"modified":"2019-09-22T13:19:33","modified_gmt":"2019-09-22T13:19:33","slug":"u4-erweiterung-auf-die-horner-geest-wie-ernst-nimmt-der-senat-die-bedenken-der-bevoelkerung","status":"publish","type":"post","link":"https:\/\/www.joerg-hamann.de\/cms\/2019\/09\/u4-erweiterung-auf-die-horner-geest-wie-ernst-nimmt-der-senat-die-bedenken-der-bevoelkerung\/","title":{"rendered":"U4-Erweiterung auf die Horner Geest \u2013 Wie ernst nimmt der Senat die Bedenken der Bev\u00f6lkerung?"},"content":{"rendered":"<p>\u00a0<\/p>\n<p><a href=\"https:\/\/www.buergerschaft-hh.de\/parldok\/dokument\/67895\/u4_erweiterung_auf_die_horner_geest_wie_ernst_nimmt_der_senat_die_bedenken_der_bevoelkerung.pdf\" target=\"_blank\" rel=\"noopener noreferrer\">Hier geht es zur schriftlichen &#8222;Kleinen Anfrage&#8220;<\/a><\/p>\n<p>\u00a0<\/p>\n\n","protected":false},"excerpt":{"rendered":"<p>Die im Planfeststellungverfahren befindliche Erweiterung der U4 auf die Hor-<br \/>\nner Geest hat bei vielen von den Bauarbeiten betroffenen B\u00fcrgerinnen und B\u00fcrgern massive Bedenken hinsichtlich des Nutzens dieser infrastrukturellen Ma\u00dfnahme ausgel\u00f6st. Hinzu kommt, dass die anstehenden Bauarbeiten und damit verbundenen Ma\u00dfnahmen sehr kritisch gesehen werden. In diesem Zusammenhang sind insbesondere zu nennen: die angedachte Bauweise im Schlitzwandverfahren und die damit verbundenen Emissionen. Bereits jetzt ist festgestellt worden, dass in Teilen die AVV Baul\u00e4rm nicht eingehalten werden kann und die Bauarbeiten mit erheblichen \u00dcberschreitungen der Tagesrichtewerte einhergehen werden. Die Baut\u00e4tigkeiten f\u00fchren dazu, dass mehrere Stra\u00dfen ganz oder teilweise gesperrt werden und es zu einer Verla- gerung der Verkehre in angrenzende Wohngebiete kommt&#8230;&#8230;<\/p>\n","protected":false},"author":4,"featured_media":0,"comment_status":"closed","ping_status":"closed","sticky":false,"template":"","format":"standard","meta":[],"categories":[17],"tags":[],"_links":{"self":[{"href":"https:\/\/www.joerg-hamann.de\/cms\/wp-json\/wp\/v2\/posts\/917"}],"collection":[{"href":"https:\/\/www.joerg-hamann.de\/cms\/wp-json\/wp\/v2\/posts"}],"about":[{"href":"https:\/\/www.joerg-hamann.de\/cms\/wp-json\/wp\/v2\/types\/post"}],"author":[{"embeddable":true,"href":"https:\/\/www.joerg-hamann.de\/cms\/wp-json\/wp\/v2\/users\/4"}],"replies":[{"embeddable":true,"href":"https:\/\/www.joerg-hamann.de\/cms\/wp-json\/wp\/v2\/comments?post=917"}],"version-history":[{"count":2,"href":"https:\/\/www.joerg-hamann.de\/cms\/wp-json\/wp\/v2\/posts\/917\/revisions"}],"predecessor-version":[{"id":919,"href":"https:\/\/www.joerg-hamann.de\/cms\/wp-json\/wp\/v2\/posts\/917\/revisions\/919"}],"wp:attachment":[{"href":"https:\/\/www.joerg-hamann.de\/cms\/wp-json\/wp\/v2\/media?parent=917"}],"wp:term":[{"taxonomy":"category","embeddable":true,"href":"https:\/\/www.joerg-hamann.de\/cms\/wp-json\/wp\/v2\/categories?post=917"},{"taxonomy":"post_tag","embeddable":true,"href":"https:\/\/www.joerg-hamann.de\/cms\/wp-json\/wp\/v2\/tags?post=917"}],"curies":[{"name":"wp","href":"https:\/\/api.w.org\/{rel}","templated":true}]}}