{"id":934,"date":"2019-09-22T15:15:46","date_gmt":"2019-09-22T15:15:46","guid":{"rendered":"http:\/\/www.joerg-hamann.de\/cms\/?p=934"},"modified":"2019-09-22T15:15:46","modified_gmt":"2019-09-22T15:15:46","slug":"zwischen-windeln-und-job-chancen-des-familiennachzuges-nutzen-frauen-foerdern-und-so-die-integration-voranbringen","status":"publish","type":"post","link":"https:\/\/www.joerg-hamann.de\/cms\/2019\/09\/zwischen-windeln-und-job-chancen-des-familiennachzuges-nutzen-frauen-foerdern-und-so-die-integration-voranbringen\/","title":{"rendered":"Zwischen Windeln und Job \u2013 Chancen des Familiennachzuges nutzen, Frauen f\u00f6rdern und so die Integration voranbringen"},"content":{"rendered":"<p>Hier geht es zum <a href=\"https:\/\/www.buergerschaft-hh.de\/parldok\/dokument\/67979\/zwischen_windeln_und_job_chancen_des_familiennachzuges_nutzen_frauen_foerdern_und_so_die_integration_voranbringen.pdf\" target=\"_blank\" rel=\"noopener noreferrer\">\u201eAntrag\u201c<\/a><\/p>\n","protected":false},"excerpt":{"rendered":"<p>Der Familiennachzug der Fl\u00fcchtlinge ist inzwischen angelaufen. Im Jahr 2018 kamen<br \/>\ninsgesamt 2 383 Personen (Drs. 21\/15706), wobei es sich vor allem um Frauen und Kinder handelte. Dies waren nicht nur Fl\u00fcchtlingsfamilien, sondern beispielsweise auch 202 Personen aus Indien. F\u00fcr diejenigen, die im erwerbsf\u00e4higen Alter zu uns kommen, muss auch die Integration, und insbesondere die Arbeitsmarktintegration, mitgedacht werden. F\u00fcr sie ist das Jobcenter offiziell zust\u00e4ndig. Dieses wird allerdings zu selten aufgesucht und ist den speziellen Bed\u00fcrfnissen der sehr heterogenen Grup- pe im Rahmen der Beratungsm\u00f6glichkeiten vielleicht nicht immer vollst\u00e4ndig gewach- sen&#8230;<\/p>\n","protected":false},"author":4,"featured_media":0,"comment_status":"closed","ping_status":"closed","sticky":false,"template":"","format":"standard","meta":[],"categories":[5],"tags":[],"_links":{"self":[{"href":"https:\/\/www.joerg-hamann.de\/cms\/wp-json\/wp\/v2\/posts\/934"}],"collection":[{"href":"https:\/\/www.joerg-hamann.de\/cms\/wp-json\/wp\/v2\/posts"}],"about":[{"href":"https:\/\/www.joerg-hamann.de\/cms\/wp-json\/wp\/v2\/types\/post"}],"author":[{"embeddable":true,"href":"https:\/\/www.joerg-hamann.de\/cms\/wp-json\/wp\/v2\/users\/4"}],"replies":[{"embeddable":true,"href":"https:\/\/www.joerg-hamann.de\/cms\/wp-json\/wp\/v2\/comments?post=934"}],"version-history":[{"count":1,"href":"https:\/\/www.joerg-hamann.de\/cms\/wp-json\/wp\/v2\/posts\/934\/revisions"}],"predecessor-version":[{"id":935,"href":"https:\/\/www.joerg-hamann.de\/cms\/wp-json\/wp\/v2\/posts\/934\/revisions\/935"}],"wp:attachment":[{"href":"https:\/\/www.joerg-hamann.de\/cms\/wp-json\/wp\/v2\/media?parent=934"}],"wp:term":[{"taxonomy":"category","embeddable":true,"href":"https:\/\/www.joerg-hamann.de\/cms\/wp-json\/wp\/v2\/categories?post=934"},{"taxonomy":"post_tag","embeddable":true,"href":"https:\/\/www.joerg-hamann.de\/cms\/wp-json\/wp\/v2\/tags?post=934"}],"curies":[{"name":"wp","href":"https:\/\/api.w.org\/{rel}","templated":true}]}}