{"id":936,"date":"2019-09-22T15:18:31","date_gmt":"2019-09-22T15:18:31","guid":{"rendered":"http:\/\/www.joerg-hamann.de\/cms\/?p=936"},"modified":"2019-09-22T15:18:31","modified_gmt":"2019-09-22T15:18:31","slug":"hamburg-sagt-nein-zum-rot-rot-gruenen-berliner-mietendecke","status":"publish","type":"post","link":"https:\/\/www.joerg-hamann.de\/cms\/2019\/09\/hamburg-sagt-nein-zum-rot-rot-gruenen-berliner-mietendecke\/","title":{"rendered":"Hamburg sagt \u201eNein\u201c zum rot-rot-gr\u00fcnen Berliner Mietendecke"},"content":{"rendered":"<p>Hier geht es zum <a href=\"https:\/\/www.buergerschaft-hh.de\/parldok\/dokument\/67981\/hamburg_sagt_nein_zum_rot_rot_gruenen_berliner_mietendeckel.pdf\" target=\"_blank\" rel=\"noopener noreferrer\">\u201eAntrag\u201c<\/a><\/p>\n","protected":false},"excerpt":{"rendered":"<p>In der letzten Woche stellte die rot-rot-gr\u00fcne Berliner Regierungskoalition die Eck-<br \/>\npunkte f\u00fcr den geplanten Mietendeckel vor. Damit will der Berliner Senat die Woh- nungsmieten in der Hauptstadt f\u00fcr f\u00fcnf Jahre einfrieren. Die H\u00f6chstmiete f\u00fcr Neuver- mietungen soll bis zu 9,80 Euro pro Quadratmeter betragen, angelehnt an den Miet- spiegel des Jahres 2013. Mietsenkungen soll es nur in Ausnahmef\u00e4llen geben, wenn die Miete zu hoch ist und au\u00dferdem 30 Prozent des Haushaltseinkommens \u00fcbersteigt. Von 2021 an darf die Miete nur noch um bis zu 1,3 Prozent im Jahr steigen, sofern sie die geplanten Obergrenzen nicht \u00fcberschreiten&#8230;<\/p>\n","protected":false},"author":4,"featured_media":0,"comment_status":"closed","ping_status":"closed","sticky":false,"template":"","format":"standard","meta":[],"categories":[5],"tags":[],"_links":{"self":[{"href":"https:\/\/www.joerg-hamann.de\/cms\/wp-json\/wp\/v2\/posts\/936"}],"collection":[{"href":"https:\/\/www.joerg-hamann.de\/cms\/wp-json\/wp\/v2\/posts"}],"about":[{"href":"https:\/\/www.joerg-hamann.de\/cms\/wp-json\/wp\/v2\/types\/post"}],"author":[{"embeddable":true,"href":"https:\/\/www.joerg-hamann.de\/cms\/wp-json\/wp\/v2\/users\/4"}],"replies":[{"embeddable":true,"href":"https:\/\/www.joerg-hamann.de\/cms\/wp-json\/wp\/v2\/comments?post=936"}],"version-history":[{"count":1,"href":"https:\/\/www.joerg-hamann.de\/cms\/wp-json\/wp\/v2\/posts\/936\/revisions"}],"predecessor-version":[{"id":937,"href":"https:\/\/www.joerg-hamann.de\/cms\/wp-json\/wp\/v2\/posts\/936\/revisions\/937"}],"wp:attachment":[{"href":"https:\/\/www.joerg-hamann.de\/cms\/wp-json\/wp\/v2\/media?parent=936"}],"wp:term":[{"taxonomy":"category","embeddable":true,"href":"https:\/\/www.joerg-hamann.de\/cms\/wp-json\/wp\/v2\/categories?post=936"},{"taxonomy":"post_tag","embeddable":true,"href":"https:\/\/www.joerg-hamann.de\/cms\/wp-json\/wp\/v2\/tags?post=936"}],"curies":[{"name":"wp","href":"https:\/\/api.w.org\/{rel}","templated":true}]}}