{"id":957,"date":"2019-10-20T14:09:15","date_gmt":"2019-10-20T14:09:15","guid":{"rendered":"http:\/\/www.joerg-hamann.de\/cms\/?p=957"},"modified":"2019-10-20T14:09:15","modified_gmt":"2019-10-20T14:09:15","slug":"erfrierungsschutz-fuer-obdachlose-optimieren-tagesaufenthaltsstaetten-auf-der-tour-des-im-winternotprogramm-2019-2020-eingesetzten-busshuttles-mit-aufnehmen","status":"publish","type":"post","link":"https:\/\/www.joerg-hamann.de\/cms\/2019\/10\/erfrierungsschutz-fuer-obdachlose-optimieren-tagesaufenthaltsstaetten-auf-der-tour-des-im-winternotprogramm-2019-2020-eingesetzten-busshuttles-mit-aufnehmen\/","title":{"rendered":"Erfrierungsschutz f\u00fcr Obdachlose optimieren &#8211; Tagesaufenthaltsst\u00e4tten auf der Tour des im Winternotprogramm 2019\/2020 eingesetzten BusShuttles mit aufnehmen"},"content":{"rendered":"<p><a href=\"https:\/\/www.buergerschaft-hh.de\/parldok\/dokument\/68274\/erfrierungsschutz_fuer_obdachlose_optimieren_tagesaufenthaltsstaetten_auf_der_tour_des_im_winternotprogramm_2019_2020_eingesetzten_busshuttles_mit_auf.pdf\" target=\"_blank\" rel=\"noopener noreferrer\">Hier geht es zum \u201eAntrag\u201c<\/a><\/p>\n","protected":false},"excerpt":{"rendered":"<p>Am 1. November 2019 startet wieder das Winternotprogramm (WNP), das Obdachlo-<br \/>\nsen Schutz vor Erfrierungen bieten soll. Bereits einen Monat vorher, am 1. Oktober, verk\u00fcndete der Senat, dass zus\u00e4tzlich zu den 120 \u00dcbernachtungspl\u00e4tzen bei Kirchen- gemeinden und anderen ehrenamtlichen Einrichtungen der st\u00e4dtische Betreiber f\u00f6r- dern &#038; wohnen (f &#038; w) 650 Pl\u00e4tze zur Verf\u00fcgung stellt: 400 in der Friesenstra\u00dfe und 250 in der Kollaustra\u00dfe. \u201eDie Unterk\u00fcnfte sind von 17 Uhr bis 9.30 Uhr ge\u00f6ffnet\u201c, so der Senat in seiner Pressemitteilung. <\/p>\n","protected":false},"author":4,"featured_media":0,"comment_status":"closed","ping_status":"closed","sticky":false,"template":"","format":"standard","meta":[],"categories":[5],"tags":[],"_links":{"self":[{"href":"https:\/\/www.joerg-hamann.de\/cms\/wp-json\/wp\/v2\/posts\/957"}],"collection":[{"href":"https:\/\/www.joerg-hamann.de\/cms\/wp-json\/wp\/v2\/posts"}],"about":[{"href":"https:\/\/www.joerg-hamann.de\/cms\/wp-json\/wp\/v2\/types\/post"}],"author":[{"embeddable":true,"href":"https:\/\/www.joerg-hamann.de\/cms\/wp-json\/wp\/v2\/users\/4"}],"replies":[{"embeddable":true,"href":"https:\/\/www.joerg-hamann.de\/cms\/wp-json\/wp\/v2\/comments?post=957"}],"version-history":[{"count":1,"href":"https:\/\/www.joerg-hamann.de\/cms\/wp-json\/wp\/v2\/posts\/957\/revisions"}],"predecessor-version":[{"id":958,"href":"https:\/\/www.joerg-hamann.de\/cms\/wp-json\/wp\/v2\/posts\/957\/revisions\/958"}],"wp:attachment":[{"href":"https:\/\/www.joerg-hamann.de\/cms\/wp-json\/wp\/v2\/media?parent=957"}],"wp:term":[{"taxonomy":"category","embeddable":true,"href":"https:\/\/www.joerg-hamann.de\/cms\/wp-json\/wp\/v2\/categories?post=957"},{"taxonomy":"post_tag","embeddable":true,"href":"https:\/\/www.joerg-hamann.de\/cms\/wp-json\/wp\/v2\/tags?post=957"}],"curies":[{"name":"wp","href":"https:\/\/api.w.org\/{rel}","templated":true}]}}