{"id":989,"date":"2019-12-08T09:31:23","date_gmt":"2019-12-08T09:31:23","guid":{"rendered":"http:\/\/www.joerg-hamann.de\/cms\/?p=989"},"modified":"2019-12-08T09:31:23","modified_gmt":"2019-12-08T09:31:23","slug":"welche-stadtentwicklungspolitischen-beziehungsweise-strategischen-ziele-verfolgen-der-senat-und-die-zustaendige-behoerde-suedwestlich-des-u-bahnhofes-wandsbek-gartenstadt","status":"publish","type":"post","link":"https:\/\/www.joerg-hamann.de\/cms\/2019\/12\/welche-stadtentwicklungspolitischen-beziehungsweise-strategischen-ziele-verfolgen-der-senat-und-die-zustaendige-behoerde-suedwestlich-des-u-bahnhofes-wandsbek-gartenstadt\/","title":{"rendered":"Welche stadtentwicklungspolitischen beziehungsweise strategischen Ziele verfolgen der Senat und die zust\u00e4ndige Beh\u00f6rde s\u00fcdwestlich des U-Bahnhofes Wandsbek-Gartenstadt?"},"content":{"rendered":"\n<p>Der Baustufenplan Wandsbek-Marienthal aus dem Jahre 1955 setzt f\u00fcr eine<br \/>s\u00fcdwestlich des U-Bahnhofes Wandsbek-Gartenstadt gelegene und von<br \/>Bartensteiner Weg, Lycker Weg, Ostpreu\u00dfenstieg und Wartenburger Weg<br \/>umgrenzte Fl\u00e4che Kleing\u00e4rten und Kleinsiedlungsgebiet fest. Die Kleinsiedlung wurde in Erbpacht errichtet. Hinweisen zufolge soll die Freie und Hansestadt Hamburg als Grundst\u00fcckseigent\u00fcmerin jedoch angefragte Grundst\u00fccke dieses Kleinsiedlungsgebietes aus \u201estadtentwicklungspolitischen und strategischen \u00dcberlegungen\u201c nicht mehr an kaufwillige Erbbauberechtigte ver\u00e4u\u00dfern.<\/p>\n<p><a href=\"https:\/\/www.buergerschaft-hh.de\/parldok\/dokument\/68695\/welche_stadtentwicklungspolitischen_beziehungsweise_strategischen_ziele_verfolgen_der_senat_und_die_zustaendige_behoerde_suedwestlich_des_u_bahnhofe.pdf\" target=\"_blank\" rel=\"noopener noreferrer\">Vor diesem Hintergrund frage ich den Senat<\/a><\/p>\n","protected":false},"excerpt":{"rendered":"<p>Der nachhaltige und vorausschauende Umgang mit Grund und Boden im st\u00e4dtischen Besitz ist in Zeiten von zunehmender Fl\u00e4chenknappheit und anhaltendem Nachfragedruck in der Freien und Hansestadt Hamburg (FHH) von hoher Bedeutung. Auch zuk\u00fcnftig wird Stadtentwicklung zunehmend \u00fcber bodenpolitische Elemente gesteuert<br \/>\nwerden. Nicht zuletzt wird mit der Drucksache zur Neuausrichtung der Bodenpolitik (siehe Drs. 21\/18514) hierzu die k\u00fcnftige Grundlage st\u00e4dtischen Handelns geschaffen.<\/p>\n","protected":false},"author":4,"featured_media":0,"comment_status":"closed","ping_status":"closed","sticky":false,"template":"","format":"standard","meta":[],"categories":[17],"tags":[],"_links":{"self":[{"href":"https:\/\/www.joerg-hamann.de\/cms\/wp-json\/wp\/v2\/posts\/989"}],"collection":[{"href":"https:\/\/www.joerg-hamann.de\/cms\/wp-json\/wp\/v2\/posts"}],"about":[{"href":"https:\/\/www.joerg-hamann.de\/cms\/wp-json\/wp\/v2\/types\/post"}],"author":[{"embeddable":true,"href":"https:\/\/www.joerg-hamann.de\/cms\/wp-json\/wp\/v2\/users\/4"}],"replies":[{"embeddable":true,"href":"https:\/\/www.joerg-hamann.de\/cms\/wp-json\/wp\/v2\/comments?post=989"}],"version-history":[{"count":1,"href":"https:\/\/www.joerg-hamann.de\/cms\/wp-json\/wp\/v2\/posts\/989\/revisions"}],"predecessor-version":[{"id":990,"href":"https:\/\/www.joerg-hamann.de\/cms\/wp-json\/wp\/v2\/posts\/989\/revisions\/990"}],"wp:attachment":[{"href":"https:\/\/www.joerg-hamann.de\/cms\/wp-json\/wp\/v2\/media?parent=989"}],"wp:term":[{"taxonomy":"category","embeddable":true,"href":"https:\/\/www.joerg-hamann.de\/cms\/wp-json\/wp\/v2\/categories?post=989"},{"taxonomy":"post_tag","embeddable":true,"href":"https:\/\/www.joerg-hamann.de\/cms\/wp-json\/wp\/v2\/tags?post=989"}],"curies":[{"name":"wp","href":"https:\/\/api.w.org\/{rel}","templated":true}]}}