{"id":991,"date":"2019-12-08T09:35:21","date_gmt":"2019-12-08T09:35:21","guid":{"rendered":"http:\/\/www.joerg-hamann.de\/cms\/?p=991"},"modified":"2019-12-08T09:35:21","modified_gmt":"2019-12-08T09:35:21","slug":"stopp-dem-tod-durch-erfrieren-rot-gruen-muss-weitere-kaeltetote-durch-kurzfristige-oeffentlichkeitskampagne-verhindern","status":"publish","type":"post","link":"https:\/\/www.joerg-hamann.de\/cms\/2019\/12\/stopp-dem-tod-durch-erfrieren-rot-gruen-muss-weitere-kaeltetote-durch-kurzfristige-oeffentlichkeitskampagne-verhindern\/","title":{"rendered":"Stopp dem Tod durch Erfrieren \u2013 Rot-Gr\u00fcn muss weitere K\u00e4ltetote durch kurzfristige \u00d6ffentlichkeitskampagne verhindern"},"content":{"rendered":"\n<p>Nach mehreren K\u00e4ltetoten unter den Obdachlosen in Hamburg im Winter 2018\/2019 und bereits zwei weiteren in der Hamburger Innenstadt in der zweiten Novemberwoche 2019 darf es nicht zu weiteren Todesf\u00e4llen kommen. Daf\u00fcr muss die Hamburger Gesellschaft gemeinschaftlich Sorge tragen. Da der Staat und die in dem Bereich t\u00e4tigen Tr\u00e4ger und Ehrenamtlichen ihre Augen nicht \u00fcberall haben k\u00f6nnen, ist es wichtig, dass auch die Hamburgerinnen und Hamburger wissen, an wen sie sich wenden k\u00f6nnen, wenn sie einen unter der K\u00e4lte massiv leidenden Obdachlosen sehen.<br \/>Die Alimaus als Betreiber des ehrenamtlichen K\u00e4ltebusses gibt zum Beispiel bereits auf ihrer Facebook-Pr\u00e4senz Empfehlungen, wie Passanten reagieren k\u00f6nnen, wenn sie einen Obdachlosen erblicken, der unter der K\u00e4lte leidet. Auch einige Medien haben entsprechende Informationsvideos geschaltet.<\/p>\n<p><a href=\"https:\/\/www.buergerschaft-hh.de\/parldok\/dokument\/68766\/stopp_dem_tod_durch_erfrieren_rot_gruen_muss_weitere_kaeltetote_durch_kurzfristige_oeffentlichkeitskampagne_verhindern.pdf\" target=\"_blank\" rel=\"noopener noreferrer\">Hier geht es weiter zum Antrag.<\/a><\/p>\n","protected":false},"excerpt":{"rendered":"<p>Nach mehreren K\u00e4ltetoten unter den Obdachlosen in Hamburg im Winter 2018\/2019 und bereits zwei weiteren in der Hamburger Innenstadt in der zweiten Novemberwoche 2019 darf es nicht zu weiteren Todesf\u00e4llen kommen. Daf\u00fcr muss die Hamburger Gesellschaft gemeinschaftlich Sorge tragen. Da der Staat und die in dem Bereich t\u00e4tigen Tr\u00e4ger und Ehrenamtlichen ihre Augen nicht \u00fcberall haben k\u00f6nnen, ist es wichtig, dass auch die Hamburgerinnen und Hamburger wissen, an wen sie sich wenden k\u00f6nnen, wenn sie einen unter der K\u00e4lte massiv leidenden Obdachlosen sehen.<\/p>\n","protected":false},"author":4,"featured_media":0,"comment_status":"closed","ping_status":"closed","sticky":false,"template":"","format":"standard","meta":[],"categories":[5],"tags":[],"_links":{"self":[{"href":"https:\/\/www.joerg-hamann.de\/cms\/wp-json\/wp\/v2\/posts\/991"}],"collection":[{"href":"https:\/\/www.joerg-hamann.de\/cms\/wp-json\/wp\/v2\/posts"}],"about":[{"href":"https:\/\/www.joerg-hamann.de\/cms\/wp-json\/wp\/v2\/types\/post"}],"author":[{"embeddable":true,"href":"https:\/\/www.joerg-hamann.de\/cms\/wp-json\/wp\/v2\/users\/4"}],"replies":[{"embeddable":true,"href":"https:\/\/www.joerg-hamann.de\/cms\/wp-json\/wp\/v2\/comments?post=991"}],"version-history":[{"count":1,"href":"https:\/\/www.joerg-hamann.de\/cms\/wp-json\/wp\/v2\/posts\/991\/revisions"}],"predecessor-version":[{"id":992,"href":"https:\/\/www.joerg-hamann.de\/cms\/wp-json\/wp\/v2\/posts\/991\/revisions\/992"}],"wp:attachment":[{"href":"https:\/\/www.joerg-hamann.de\/cms\/wp-json\/wp\/v2\/media?parent=991"}],"wp:term":[{"taxonomy":"category","embeddable":true,"href":"https:\/\/www.joerg-hamann.de\/cms\/wp-json\/wp\/v2\/categories?post=991"},{"taxonomy":"post_tag","embeddable":true,"href":"https:\/\/www.joerg-hamann.de\/cms\/wp-json\/wp\/v2\/tags?post=991"}],"curies":[{"name":"wp","href":"https:\/\/api.w.org\/{rel}","templated":true}]}}